{"id":3770,"date":"2023-03-10T06:17:44","date_gmt":"2023-03-10T06:17:44","guid":{"rendered":"http:\/\/www.lauradifazio.it\/cms\/?p=3770"},"modified":"2023-03-10T06:36:06","modified_gmt":"2023-03-10T06:36:06","slug":"leggerelineeleggere-museo-della-permanente-milano-10-24-marzo-2023","status":"publish","type":"post","link":"https:\/\/www.lauradifazio.it\/cms\/?p=3770","title":{"rendered":"&#8220;L\u00e9ggerelineelegg\u00e9re&#8221; | Museo della Permanente Milano | 10 &#8211; 24 marzo 2023"},"content":{"rendered":"\n<h2 id=\"jsc_c_d9\"><\/h2>\n\n\n\n<div class=\"wp-block-image is-style-default\"><figure class=\"aligncenter size-full\"><a href=\"http:\/\/www.lauradifazio.it\/cms\/wp-content\/uploads\/2023\/03\/Banner-FB-Soci-2023-e1678430097703.jpg\"><img loading=\"lazy\" width=\"300\" height=\"300\" src=\"http:\/\/www.lauradifazio.it\/cms\/wp-content\/uploads\/2023\/03\/Banner-FB-Soci-2023-e1678430097703.jpg\" alt=\"\" class=\"wp-image-3776\"\/><\/a><\/figure><\/div>\n\n\n\n<p>Venerd\u00ec 10 marzo 2023 alle 16<\/p>\n\n\n\n<p>inaugurazione della mostra &#8220;L\u00e9ggerelineelegg\u00e9re&#8221; degli artisti della Permanente. <\/p>\n\n\n\n<p>L&#8217;esposizione sar\u00e0 visitabile dal 10 al 24 marzo 2023  tutti i giorni h. 10.00-13.00 \/ 14.30-18.00<\/p>\n\n\n\n<p>Ingresso libero | Palazzo della Permanente Via Turati, 34 Milano<\/p>\n\n\n\n<p>Partecipo con l&#8217;opera &#8220;Di notte i rami intrecciano ricami nel cielo&#8221;, cianotipie, 2023<\/p>\n\n\n\n<p> e di giorno, sottovoce, li raccontano con il favore del vento. Sono segni, linee che si intersecano e se vedessimo anche le radici coglieremmo la connessione fra alto e basso, le corrispondenze fra cielo e terra. E\u2019 questo intreccio che mi interessa, dal momento che l\u2019infinit\u00e0 delle forme \u00e8 una manifestazione in natura e nulla le \u00e8 estraneo, neppure l\u2019astrazione. Quelle corrispondenze suggeriscono infatti continue variazioni e ricomposizioni formali, cos\u00ec che in questa infinita possibile orchestrazione sarebbe difficile distinguere il progetto della natura da quello di un artigiano o di un artista.<\/p>\n\n\n\n<div class=\"wp-block-image is-style-default\"><figure class=\"aligncenter size-large is-resized\"><a href=\"http:\/\/www.lauradifazio.it\/cms\/wp-content\/uploads\/2023\/03\/Di-Fazio_di-notte-i-rami-intrecciano-ricami-nel-cielo-scaled.jpg\"><img loading=\"lazy\" src=\"http:\/\/www.lauradifazio.it\/cms\/wp-content\/uploads\/2023\/03\/Di-Fazio_di-notte-i-rami-intrecciano-ricami-nel-cielo-1024x540.jpg\" alt=\"\" class=\"wp-image-3772\" width=\"-58\" height=\"-30\" srcset=\"https:\/\/www.lauradifazio.it\/cms\/wp-content\/uploads\/2023\/03\/Di-Fazio_di-notte-i-rami-intrecciano-ricami-nel-cielo-1024x540.jpg 1024w, https:\/\/www.lauradifazio.it\/cms\/wp-content\/uploads\/2023\/03\/Di-Fazio_di-notte-i-rami-intrecciano-ricami-nel-cielo-300x158.jpg 300w, https:\/\/www.lauradifazio.it\/cms\/wp-content\/uploads\/2023\/03\/Di-Fazio_di-notte-i-rami-intrecciano-ricami-nel-cielo-768x405.jpg 768w, https:\/\/www.lauradifazio.it\/cms\/wp-content\/uploads\/2023\/03\/Di-Fazio_di-notte-i-rami-intrecciano-ricami-nel-cielo-1536x811.jpg 1536w, https:\/\/www.lauradifazio.it\/cms\/wp-content\/uploads\/2023\/03\/Di-Fazio_di-notte-i-rami-intrecciano-ricami-nel-cielo-2048x1081.jpg 2048w\" sizes=\"(max-width: 1024px) 100vw, 1024px\" \/><\/a><\/figure><\/div>\n\n\n\n<p><\/p>\n","protected":false},"excerpt":{"rendered":"<p>Venerd\u00ec 10 marzo 2023 alle 16 inaugurazione della mostra &#8220;L\u00e9ggerelineelegg\u00e9re&#8221; degli artisti della Permanente. L&#8217;esposizione sar\u00e0 visitabile dal 10 al 24 marzo 2023 tutti i giorni h. 10.00-13.00 \/ 14.30-18.00 Ingresso libero | Palazzo della Permanente Via Turati, 34 Milano &hellip; <a href=\"https:\/\/www.lauradifazio.it\/cms\/?p=3770\">Continua a leggere<span class=\"meta-nav\">&rarr;<\/span><\/a><\/p>\n","protected":false},"author":2,"featured_media":0,"comment_status":"closed","ping_status":"open","sticky":false,"template":"","format":"standard","meta":[],"categories":[1],"tags":[],"_links":{"self":[{"href":"https:\/\/www.lauradifazio.it\/cms\/index.php?rest_route=\/wp\/v2\/posts\/3770"}],"collection":[{"href":"https:\/\/www.lauradifazio.it\/cms\/index.php?rest_route=\/wp\/v2\/posts"}],"about":[{"href":"https:\/\/www.lauradifazio.it\/cms\/index.php?rest_route=\/wp\/v2\/types\/post"}],"author":[{"embeddable":true,"href":"https:\/\/www.lauradifazio.it\/cms\/index.php?rest_route=\/wp\/v2\/users\/2"}],"replies":[{"embeddable":true,"href":"https:\/\/www.lauradifazio.it\/cms\/index.php?rest_route=%2Fwp%2Fv2%2Fcomments&post=3770"}],"version-history":[{"count":5,"href":"https:\/\/www.lauradifazio.it\/cms\/index.php?rest_route=\/wp\/v2\/posts\/3770\/revisions"}],"predecessor-version":[{"id":3780,"href":"https:\/\/www.lauradifazio.it\/cms\/index.php?rest_route=\/wp\/v2\/posts\/3770\/revisions\/3780"}],"wp:attachment":[{"href":"https:\/\/www.lauradifazio.it\/cms\/index.php?rest_route=%2Fwp%2Fv2%2Fmedia&parent=3770"}],"wp:term":[{"taxonomy":"category","embeddable":true,"href":"https:\/\/www.lauradifazio.it\/cms\/index.php?rest_route=%2Fwp%2Fv2%2Fcategories&post=3770"},{"taxonomy":"post_tag","embeddable":true,"href":"https:\/\/www.lauradifazio.it\/cms\/index.php?rest_route=%2Fwp%2Fv2%2Ftags&post=3770"}],"curies":[{"name":"wp","href":"https:\/\/api.w.org\/{rel}","templated":true}]}}