{"id":1910,"date":"2014-03-04T06:03:03","date_gmt":"2014-03-04T06:03:03","guid":{"rendered":"http:\/\/www.lauradifazio.it\/cms\/?p=1910"},"modified":"2014-03-04T06:03:03","modified_gmt":"2014-03-04T06:03:03","slug":"transizioni-arte_poesia-2014-presso-la-biblioteca-valvassori-peroni-inaugurazione-5-marzo-2014","status":"publish","type":"post","link":"https:\/\/www.lauradifazio.it\/cms\/?p=1910","title":{"rendered":"&#8220;Transizioni Arte_Poesia 2014&#8221; presso la Biblioteca Valvassori Peroni &#8211; inaugurazione 5 marzo 2014"},"content":{"rendered":"<p>Partecipo con il trittico dal titolo &#8220;Dove va la mia memoria?&#8221; al progetto Transizioni arte_ poesia 2014. Il testo poetico da me scelto \u00e8 quello della poetessa Daniela Attanasio.<\/p>\n<p>L&#8217;esposizione in Biblioteca Valvassori Peroni \u00e8 parte di un progetto espositivo pi\u00f9 ampio, che si terr\u00e0 in giugno presso la Casa delle Culture del Mondo a Milano. Saranno presenti inoltre le opere di poeti che si esprimono anche visivamente, alcuni esponenti della Poesia visiva, e artisti che sperimentano contaminazioni letterarie e scritturali. Numerosi sono i poeti coinvolti nel progetto della mostra, gi\u00e0 presentati in edizioni d&#8217;arte e letture negli ultimi tre anni.<\/p>\n<p style=\"text-align: center;\"><a rel=\"attachment wp-att-1911\" href=\"http:\/\/www.lauradifazio.it\/cms\/?attachment_id=1911\"><img loading=\"lazy\" class=\"aligncenter size-medium wp-image-1911\" title=\"terre emerse\" src=\"http:\/\/www.lauradifazio.it\/cms\/wp-content\/uploads\/2014\/03\/terre-emerse-300x225.jpg\" alt=\"\" width=\"300\" height=\"225\" srcset=\"https:\/\/www.lauradifazio.it\/cms\/wp-content\/uploads\/2014\/03\/terre-emerse-300x225.jpg 300w, https:\/\/www.lauradifazio.it\/cms\/wp-content\/uploads\/2014\/03\/terre-emerse-1024x768.jpg 1024w\" sizes=\"(max-width: 300px) 100vw, 300px\" \/><\/a>&#8220;terre emerse&#8221;, incisione a puntasecca, 2012 (particolare del trittico)<\/p>\n<p style=\"text-align: center;\"><a rel=\"attachment wp-att-1912\" href=\"http:\/\/www.lauradifazio.it\/cms\/?attachment_id=1912\"><img loading=\"lazy\" class=\"aligncenter size-medium wp-image-1912\" title=\"113 ValvassoriPeroni_Invito\" src=\"http:\/\/www.lauradifazio.it\/cms\/wp-content\/uploads\/2014\/03\/transizioni-invito-V-159x300.jpg\" alt=\"\" width=\"159\" height=\"300\" srcset=\"https:\/\/www.lauradifazio.it\/cms\/wp-content\/uploads\/2014\/03\/transizioni-invito-V-159x300.jpg 159w, https:\/\/www.lauradifazio.it\/cms\/wp-content\/uploads\/2014\/03\/transizioni-invito-V-545x1024.jpg 545w\" sizes=\"(max-width: 159px) 100vw, 159px\" \/><\/a><\/p>\n","protected":false},"excerpt":{"rendered":"<p>Partecipo con il trittico dal titolo &#8220;Dove va la mia memoria?&#8221; al progetto Transizioni arte_ poesia 2014. Il testo poetico da me scelto \u00e8 quello della poetessa Daniela Attanasio. L&#8217;esposizione in Biblioteca Valvassori Peroni \u00e8 parte di un progetto espositivo &hellip; <a href=\"https:\/\/www.lauradifazio.it\/cms\/?p=1910\">Continua a leggere<span class=\"meta-nav\">&rarr;<\/span><\/a><\/p>\n","protected":false},"author":2,"featured_media":0,"comment_status":"open","ping_status":"open","sticky":false,"template":"","format":"standard","meta":[],"categories":[1],"tags":[],"_links":{"self":[{"href":"https:\/\/www.lauradifazio.it\/cms\/index.php?rest_route=\/wp\/v2\/posts\/1910"}],"collection":[{"href":"https:\/\/www.lauradifazio.it\/cms\/index.php?rest_route=\/wp\/v2\/posts"}],"about":[{"href":"https:\/\/www.lauradifazio.it\/cms\/index.php?rest_route=\/wp\/v2\/types\/post"}],"author":[{"embeddable":true,"href":"https:\/\/www.lauradifazio.it\/cms\/index.php?rest_route=\/wp\/v2\/users\/2"}],"replies":[{"embeddable":true,"href":"https:\/\/www.lauradifazio.it\/cms\/index.php?rest_route=%2Fwp%2Fv2%2Fcomments&post=1910"}],"version-history":[{"count":2,"href":"https:\/\/www.lauradifazio.it\/cms\/index.php?rest_route=\/wp\/v2\/posts\/1910\/revisions"}],"predecessor-version":[{"id":1914,"href":"https:\/\/www.lauradifazio.it\/cms\/index.php?rest_route=\/wp\/v2\/posts\/1910\/revisions\/1914"}],"wp:attachment":[{"href":"https:\/\/www.lauradifazio.it\/cms\/index.php?rest_route=%2Fwp%2Fv2%2Fmedia&parent=1910"}],"wp:term":[{"taxonomy":"category","embeddable":true,"href":"https:\/\/www.lauradifazio.it\/cms\/index.php?rest_route=%2Fwp%2Fv2%2Fcategories&post=1910"},{"taxonomy":"post_tag","embeddable":true,"href":"https:\/\/www.lauradifazio.it\/cms\/index.php?rest_route=%2Fwp%2Fv2%2Ftags&post=1910"}],"curies":[{"name":"wp","href":"https:\/\/api.w.org\/{rel}","templated":true}]}}